{"id":2843,"date":"2017-10-15T13:04:47","date_gmt":"2017-10-15T13:04:47","guid":{"rendered":"http:\/\/blog.profesordefrances.es\/?p=2843"},"modified":"2017-10-15T13:04:47","modified_gmt":"2017-10-15T13:04:47","slug":"vitres-teintees-un-premier-pv-annule-par-la-justice","status":"publish","type":"post","link":"http:\/\/blog.profesordefrances.es\/?p=2843","title":{"rendered":"Vitres teint\u00e9es: Un premier PV annul\u00e9 par la justice"},"content":{"rendered":"<p class=\"hat\" style=\"text-align: justify;\">\u00a0<span class=\"hat-summary\">Les forces de l\u2019ordre ne disposent pas actuellement de syst\u00e8me homologu\u00e9 afin de contr\u00f4ler le taux de lumi\u00e8re dans le v\u00e9hicule\u2026<\/span><\/p>\n<p style=\"text-align: justify;\">C\u2019est une d\u00e9cision qui pourrait bien faire jurisprudence. Le premier PV d\u00e9livr\u00e9 pour vitres teint\u00e9es a \u00e9t\u00e9 annul\u00e9 le 10 octobre par la justice, r\u00e9v\u00e8le Le Parisien. Un conducteur de 44 ans, verbalis\u00e9 au retour de son r\u00e9veillon du Nouvel-An, a fait invalider sa contravention par le tribunal de police de Bernay dans l\u2019Eure. Le motif \u00e9voqu\u00e9, l\u2019impossibilit\u00e9 pour les forces de l\u2019ordre d\u2019\u00e9valuer le niveau d\u2019opacit\u00e9 des vitres.<br \/>\nDepuis le 1er janvier 2017, l\u2019article R 316-3 du code de la Route stipule que le pare-brise ainsi que les vitres lat\u00e9rales avant de tout v\u00e9hicule doivent laisser passer au moins 70 % de la lumi\u00e8re visible \u00e0 l\u2019\u0153il nu. Or, les forces de l\u2019ordre ne disposent pas actuellement de syst\u00e8me homologu\u00e9 afin de contr\u00f4ler le taux de lumi\u00e8re que laissent passer les vitres teint\u00e9es.<\/p>\n<p style=\"text-align: justify;\"><strong>Pr\u00e8s de 23.500 infractions similaires relev\u00e9es entre janvier et septembre<\/strong><br \/>\n\u00ab C\u2019est 135 euros d\u2019amende que je n\u2019aurai pas \u00e0 payer et trois points qui ne seront pas retir\u00e9s sur mon permis \u00bb, s\u2019est r\u00e9joui le conducteur cit\u00e9 dans Le Parisien. \u00ab Cette d\u00e9cision de relaxe est la premi\u00e8re rendue en France et elle va ouvrir la voie \u00e0 de nombreuses d\u00e9cisions de justice similaires \u00bb, a assur\u00e9 le cabinet Dufour &amp; Associ\u00e9s, le cabinet d\u2019avocat charg\u00e9 de la d\u00e9fense de l\u2019automobiliste.<\/p>\n<p><a href=\"http:\/\/www.20minutes.fr\/societe\/2151191-20171015-vitres-teintees-premier-pv-annule-justice\">SOURCE<\/a><\/p>\n","protected":false},"excerpt":{"rendered":"<p>\u00a0Les forces de l\u2019ordre ne disposent pas actuellement de syst\u00e8me homologu\u00e9 afin de contr\u00f4ler le taux de lumi\u00e8re dans le v\u00e9hicule\u2026 C\u2019est une d\u00e9cision qui pourrait bien faire jurisprudence. Le premier PV d\u00e9livr\u00e9 pour vitres teint\u00e9es a \u00e9t\u00e9 annul\u00e9 le 10 octobre par la justice, r\u00e9v\u00e8le Le Parisien. Un conducteur de 44 ans, verbalis\u00e9 au [&hellip;]<\/p>\n","protected":false},"author":3,"featured_media":2844,"comment_status":"open","ping_status":"open","sticky":false,"template":"","format":"standard","meta":{"footnotes":""},"categories":[46,50],"tags":[],"class_list":["post-2843","post","type-post","status-publish","format-standard","has-post-thumbnail","hentry","category-actualidad","category-primer-idioma"],"_links":{"self":[{"href":"http:\/\/blog.profesordefrances.es\/index.php?rest_route=\/wp\/v2\/posts\/2843","targetHints":{"allow":["GET"]}}],"collection":[{"href":"http:\/\/blog.profesordefrances.es\/index.php?rest_route=\/wp\/v2\/posts"}],"about":[{"href":"http:\/\/blog.profesordefrances.es\/index.php?rest_route=\/wp\/v2\/types\/post"}],"author":[{"embeddable":true,"href":"http:\/\/blog.profesordefrances.es\/index.php?rest_route=\/wp\/v2\/users\/3"}],"replies":[{"embeddable":true,"href":"http:\/\/blog.profesordefrances.es\/index.php?rest_route=%2Fwp%2Fv2%2Fcomments&post=2843"}],"version-history":[{"count":1,"href":"http:\/\/blog.profesordefrances.es\/index.php?rest_route=\/wp\/v2\/posts\/2843\/revisions"}],"predecessor-version":[{"id":2845,"href":"http:\/\/blog.profesordefrances.es\/index.php?rest_route=\/wp\/v2\/posts\/2843\/revisions\/2845"}],"wp:featuredmedia":[{"embeddable":true,"href":"http:\/\/blog.profesordefrances.es\/index.php?rest_route=\/wp\/v2\/media\/2844"}],"wp:attachment":[{"href":"http:\/\/blog.profesordefrances.es\/index.php?rest_route=%2Fwp%2Fv2%2Fmedia&parent=2843"}],"wp:term":[{"taxonomy":"category","embeddable":true,"href":"http:\/\/blog.profesordefrances.es\/index.php?rest_route=%2Fwp%2Fv2%2Fcategories&post=2843"},{"taxonomy":"post_tag","embeddable":true,"href":"http:\/\/blog.profesordefrances.es\/index.php?rest_route=%2Fwp%2Fv2%2Ftags&post=2843"}],"curies":[{"name":"wp","href":"https:\/\/api.w.org\/{rel}","templated":true}]}}